{"id":123,"date":"2021-05-12T01:23:58","date_gmt":"2021-05-12T01:23:58","guid":{"rendered":"https:\/\/dualgree.com.br\/desmontear\/?p=123"},"modified":"2021-07-26T23:25:20","modified_gmt":"2021-07-26T23:25:20","slug":"cafe-torrado-e-escuro-para-cafeteira-expresso","status":"publish","type":"post","link":"https:\/\/dualgree.com.br\/desmontear\/cafe-torrado-e-escuro-para-cafeteira-expresso\/","title":{"rendered":"Caf\u00e9 torrado e escuro para Cafeteira Expresso"},"content":{"rendered":"\n<p>Com a Tecnologia avan\u00e7ada de muitas empresas com a constru\u00e7\u00e3o de equipamentos que facilitam nossa vida. Tornando mais agrad\u00e1vel e saud\u00e1vel. Temos a cafeteira expresso que moe o caf\u00e9 torrado e prepara aquele cafezinho saboroso e arom\u00e1tico.<\/p>\n\n\n\n<div class=\"wp-block-cover aligncenter has-background-dim has-custom-content-position is-position-bottom-center\"><img decoding=\"async\" class=\"wp-block-cover__image-background\" alt=\"\" src=\"https:\/\/http2.mlstatic.com\/D_NQ_NP_2X_772164-MLB40692602952_022020-F.webp\" data-object-fit=\"cover\"\/><div class=\"wp-block-cover__inner-container is-layout-flow wp-block-cover-is-layout-flow\">\n<h2 class=\"wp-block-heading\">Caf\u00e9 Torrado Em Gr\u00e3o 1kg Tr\u00eas Cora\u00e7\u00f5es Espresso Gourmet<\/h2>\n<\/div><\/div>\n\n\n\n<p>Com tudo podemos dizer que o caf\u00e9 da aquela elevada no animo e tira aquela vontade de cochilar, kkk. Bateu aquela desanimada corremos para o equipamento apertamos um bot\u00e3o e bam cafezinho quente na xicara.<\/p>\n\n\n\n<p>Porem temos que escolher qual tipo ou sabor de caf\u00e9 e torra, aquele com torra baixa, torra media, torra intensa. Cada torra tem sua qualidade sabor e tonalidade, buscamos sempre o melhor. Para facilitar nossa vida e manter nosso gosto, cada fabricante faz isso. <\/p>\n\n\n\n<p>Uso  como exemplo Caf\u00e9 Torrado Em Gr\u00e3o 1kg Tr\u00eas Cora\u00e7\u00f5es Espresso Gourmet, um super caf\u00e9 em gr\u00e3os que deixa um sabor de quero mais. Um aroma que entra nas vias nasais e da aquela sensa\u00e7\u00e3o de gostosa de que vai ter um caf\u00e9 quentinho e saboroso.<\/p>\n\n\n\n<p>Com a maquina expressa colocamos os gr\u00e3os de Caf\u00e9 Torrado Em Gr\u00e3o 1kg Tr\u00eas Cora\u00e7\u00f5es Espresso Gourmet, adicionamos agua ligamos na tomada e apertamos o bot\u00e3o da felicidade, com isso, a maquina fornece um cafezinho cremoso e escuro quentinho em uma xicara.<\/p>\n\n\n\n<p>O Mais importante para isso temos que regular e ajustar a maquina de caf\u00e9 expresso com as configura\u00e7\u00f5es. Que vai deixar suas preferencias de sabor e tonalidade de caf\u00e9 desejadas. Para exemplo estou usando a cafeteira expresso Delonghi, onde podemos efetuar essas configura\u00e7\u00f5es.<\/p>\n\n\n\n<figure class=\"wp-block-embed is-type-video is-provider-youtube wp-block-embed-youtube wp-embed-aspect-16-9 wp-has-aspect-ratio\"><div class=\"wp-block-embed__wrapper\">\n<iframe loading=\"lazy\" title=\"Caf\u00e9 torrado escuro e bem cremoso na cafeteira expresso delonghi\" width=\"800\" height=\"450\" src=\"https:\/\/www.youtube.com\/embed\/85hk5ERbBOs?feature=oembed\" frameborder=\"0\" allow=\"accelerometer; autoplay; clipboard-write; encrypted-media; gyroscope; picture-in-picture; web-share\" allowfullscreen><\/iframe>\n<\/div><\/figure>\n\n\n\n<p>Para ajustar a cremosidade temos que ajustar a moagem do caf\u00e9 torrado, com a maquina ligada em processo de moagem. Depois temos que ajustar a tonalidade do caf\u00e9 com o bot\u00e3o de ajuste de sabor, localizado na frente do equipamento. No modelo em exemplo.<\/p>\n\n\n\n<p>Logo a maquina de caf\u00e9 expresso fornece um cafezinho saboroso cremoso e com um aroma de agua na boca. Finalizando mais um post, com caf\u00e9 na m\u00e3o.<\/p>\n","protected":false},"excerpt":{"rendered":"<p>Como obter um caf\u00e9 cremoso e escuro na sua expresso<\/p>\n","protected":false},"author":2,"featured_media":339,"comment_status":"open","ping_status":"open","sticky":false,"template":"","format":"standard","meta":{"colormag_page_container_layout":"default_layout","colormag_page_sidebar_layout":"default_layout","footnotes":""},"categories":[26],"tags":[68,69,28,70,27],"class_list":["post-123","post","type-post","status-publish","format-standard","has-post-thumbnail","hentry","category-cafeteiras","tag-como-fazer-cafe","tag-como-fazer-cafe-escuro-e-cremoso","tag-grao-de-cafe-ideal","tag-qual-cafe-usar-em-minha-cafeterira-expresso","tag-qual-cafe-utilizar-na-cafeteira"],"yoast_head":"<!-- This site is optimized with the Yoast SEO plugin v27.2 - https:\/\/yoast.com\/product\/yoast-seo-wordpress\/ -->\n<title>Caf\u00e9 torrado e escuro para Cafeteira Expresso - Desmontear<\/title>\n<meta name=\"description\" content=\"Como obter um caf\u00e9 cremoso e escuro arom\u00e1tico com a cafeteira expresso, vai depender de como o gr\u00e3o foi torrado pelo fabricante.\" \/>\n<meta name=\"robots\" content=\"index, follow, max-snippet:-1, max-image-preview:large, max-video-preview:-1\" \/>\n<link rel=\"canonical\" href=\"https:\/\/dualgree.com.br\/desmontear\/cafe-torrado-e-escuro-para-cafeteira-expresso\/\" \/>\n<meta property=\"og:locale\" content=\"pt_BR\" \/>\n<meta property=\"og:type\" content=\"article\" \/>\n<meta property=\"og:title\" content=\"Caf\u00e9 torrado e escuro para Cafeteira Expresso - Desmontear\" \/>\n<meta property=\"og:description\" content=\"Como obter um caf\u00e9 cremoso e escuro arom\u00e1tico com a cafeteira expresso, vai depender de como o gr\u00e3o foi torrado pelo fabricante.\" \/>\n<meta property=\"og:url\" content=\"https:\/\/dualgree.com.br\/desmontear\/cafe-torrado-e-escuro-para-cafeteira-expresso\/\" \/>\n<meta property=\"og:site_name\" content=\"Desmontear\" \/>\n<meta property=\"article:publisher\" content=\"https:\/\/www.facebook.com\/dualgree\" \/>\n<meta property=\"article:published_time\" content=\"2021-05-12T01:23:58+00:00\" \/>\n<meta property=\"article:modified_time\" content=\"2021-07-26T23:25:20+00:00\" \/>\n<meta property=\"og:image\" content=\"https:\/\/dualgree.com.br\/desmontear\/wp-content\/uploads\/2021\/05\/Cafe-torrado-e-cremoso.jpg\" \/>\n\t<meta property=\"og:image:width\" content=\"1200\" \/>\n\t<meta property=\"og:image:height\" content=\"579\" \/>\n\t<meta property=\"og:image:type\" content=\"image\/jpeg\" \/>\n<meta name=\"author\" content=\"PauloMandu\" \/>\n<meta name=\"twitter:card\" content=\"summary_large_image\" \/>\n<meta name=\"twitter:label1\" content=\"Escrito por\" \/>\n\t<meta name=\"twitter:data1\" content=\"PauloMandu\" \/>\n\t<meta name=\"twitter:label2\" content=\"Est. tempo de leitura\" \/>\n\t<meta name=\"twitter:data2\" content=\"2 minutos\" \/>\n<script type=\"application\/ld+json\" class=\"yoast-schema-graph\">{\"@context\":\"https:\/\/schema.org\",\"@graph\":[{\"@type\":\"Article\",\"@id\":\"https:\/\/dualgree.com.br\/desmontear\/cafe-torrado-e-escuro-para-cafeteira-expresso\/#article\",\"isPartOf\":{\"@id\":\"https:\/\/dualgree.com.br\/desmontear\/cafe-torrado-e-escuro-para-cafeteira-expresso\/\"},\"author\":{\"name\":\"PauloMandu\",\"@id\":\"https:\/\/dualgree.com.br\/desmontear\/#\/schema\/person\/6f411e85dc628ba826187984f44e370e\"},\"headline\":\"Caf\u00e9 torrado e escuro para Cafeteira Expresso\",\"datePublished\":\"2021-05-12T01:23:58+00:00\",\"dateModified\":\"2021-07-26T23:25:20+00:00\",\"mainEntityOfPage\":{\"@id\":\"https:\/\/dualgree.com.br\/desmontear\/cafe-torrado-e-escuro-para-cafeteira-expresso\/\"},\"wordCount\":362,\"commentCount\":0,\"publisher\":{\"@id\":\"https:\/\/dualgree.com.br\/desmontear\/#organization\"},\"image\":{\"@id\":\"https:\/\/dualgree.com.br\/desmontear\/cafe-torrado-e-escuro-para-cafeteira-expresso\/#primaryimage\"},\"thumbnailUrl\":\"https:\/\/dualgree.com.br\/desmontear\/wp-content\/uploads\/2021\/05\/Cafe-torrado-e-cremoso.jpg\",\"keywords\":[\"como fazer cafe\",\"como fazer caf\u00e9 escuro e cremoso\",\"gr\u00e3o de cafe ideal\",\"qual cafe usar em minha cafeterira expresso\",\"qual cafe utilizar na cafeteira\"],\"articleSection\":[\"Cafeteiras\"],\"inLanguage\":\"pt-BR\",\"potentialAction\":[{\"@type\":\"CommentAction\",\"name\":\"Comment\",\"target\":[\"https:\/\/dualgree.com.br\/desmontear\/cafe-torrado-e-escuro-para-cafeteira-expresso\/#respond\"]}]},{\"@type\":\"WebPage\",\"@id\":\"https:\/\/dualgree.com.br\/desmontear\/cafe-torrado-e-escuro-para-cafeteira-expresso\/\",\"url\":\"https:\/\/dualgree.com.br\/desmontear\/cafe-torrado-e-escuro-para-cafeteira-expresso\/\",\"name\":\"Caf\u00e9 torrado e escuro para Cafeteira Expresso - Desmontear\",\"isPartOf\":{\"@id\":\"https:\/\/dualgree.com.br\/desmontear\/#website\"},\"primaryImageOfPage\":{\"@id\":\"https:\/\/dualgree.com.br\/desmontear\/cafe-torrado-e-escuro-para-cafeteira-expresso\/#primaryimage\"},\"image\":{\"@id\":\"https:\/\/dualgree.com.br\/desmontear\/cafe-torrado-e-escuro-para-cafeteira-expresso\/#primaryimage\"},\"thumbnailUrl\":\"https:\/\/dualgree.com.br\/desmontear\/wp-content\/uploads\/2021\/05\/Cafe-torrado-e-cremoso.jpg\",\"datePublished\":\"2021-05-12T01:23:58+00:00\",\"dateModified\":\"2021-07-26T23:25:20+00:00\",\"description\":\"Como obter um caf\u00e9 cremoso e escuro arom\u00e1tico com a cafeteira expresso, vai depender de como o gr\u00e3o foi torrado pelo fabricante.\",\"breadcrumb\":{\"@id\":\"https:\/\/dualgree.com.br\/desmontear\/cafe-torrado-e-escuro-para-cafeteira-expresso\/#breadcrumb\"},\"inLanguage\":\"pt-BR\",\"potentialAction\":[{\"@type\":\"ReadAction\",\"target\":[\"https:\/\/dualgree.com.br\/desmontear\/cafe-torrado-e-escuro-para-cafeteira-expresso\/\"]}]},{\"@type\":\"ImageObject\",\"inLanguage\":\"pt-BR\",\"@id\":\"https:\/\/dualgree.com.br\/desmontear\/cafe-torrado-e-escuro-para-cafeteira-expresso\/#primaryimage\",\"url\":\"https:\/\/dualgree.com.br\/desmontear\/wp-content\/uploads\/2021\/05\/Cafe-torrado-e-cremoso.jpg\",\"contentUrl\":\"https:\/\/dualgree.com.br\/desmontear\/wp-content\/uploads\/2021\/05\/Cafe-torrado-e-cremoso.jpg\",\"width\":1200,\"height\":579,\"caption\":\"Cafe torrado e cremoso\"},{\"@type\":\"BreadcrumbList\",\"@id\":\"https:\/\/dualgree.com.br\/desmontear\/cafe-torrado-e-escuro-para-cafeteira-expresso\/#breadcrumb\",\"itemListElement\":[{\"@type\":\"ListItem\",\"position\":1,\"name\":\"In\u00edcio\",\"item\":\"https:\/\/dualgree.com.br\/desmontear\/\"},{\"@type\":\"ListItem\",\"position\":2,\"name\":\"Caf\u00e9 torrado e escuro para Cafeteira Expresso\"}]},{\"@type\":\"WebSite\",\"@id\":\"https:\/\/dualgree.com.br\/desmontear\/#website\",\"url\":\"https:\/\/dualgree.com.br\/desmontear\/\",\"name\":\"Desmontear\",\"description\":\"Site de informa\u00e7\u00f5es uteis de equipamentos e dicas para seu dia a dia.\",\"publisher\":{\"@id\":\"https:\/\/dualgree.com.br\/desmontear\/#organization\"},\"potentialAction\":[{\"@type\":\"SearchAction\",\"target\":{\"@type\":\"EntryPoint\",\"urlTemplate\":\"https:\/\/dualgree.com.br\/desmontear\/?s={search_term_string}\"},\"query-input\":{\"@type\":\"PropertyValueSpecification\",\"valueRequired\":true,\"valueName\":\"search_term_string\"}}],\"inLanguage\":\"pt-BR\"},{\"@type\":\"Organization\",\"@id\":\"https:\/\/dualgree.com.br\/desmontear\/#organization\",\"name\":\"Desmontear -Ar condicionado\",\"url\":\"https:\/\/dualgree.com.br\/desmontear\/\",\"logo\":{\"@type\":\"ImageObject\",\"inLanguage\":\"pt-BR\",\"@id\":\"https:\/\/dualgree.com.br\/desmontear\/#\/schema\/logo\/image\/\",\"url\":\"https:\/\/dualgree.com.br\/desmontear\/wp-content\/uploads\/2023\/11\/LOGO-FERRAMENTAS.png\",\"contentUrl\":\"https:\/\/dualgree.com.br\/desmontear\/wp-content\/uploads\/2023\/11\/LOGO-FERRAMENTAS.png\",\"width\":1200,\"height\":219,\"caption\":\"Desmontear -Ar condicionado\"},\"image\":{\"@id\":\"https:\/\/dualgree.com.br\/desmontear\/#\/schema\/logo\/image\/\"},\"sameAs\":[\"https:\/\/www.facebook.com\/dualgree\",\"https:\/\/www.youtube.com\/channel\/UCNcRu4pSegDB6ZMcZomgA_g\"]},{\"@type\":\"Person\",\"@id\":\"https:\/\/dualgree.com.br\/desmontear\/#\/schema\/person\/6f411e85dc628ba826187984f44e370e\",\"name\":\"PauloMandu\",\"image\":{\"@type\":\"ImageObject\",\"inLanguage\":\"pt-BR\",\"@id\":\"https:\/\/secure.gravatar.com\/avatar\/454f0a68d11eb9d5a93d5997993ce7e6fcd8dd78d2b0306cf85e10834c8ec09a?s=96&d=mm&r=g\",\"url\":\"https:\/\/secure.gravatar.com\/avatar\/454f0a68d11eb9d5a93d5997993ce7e6fcd8dd78d2b0306cf85e10834c8ec09a?s=96&d=mm&r=g\",\"contentUrl\":\"https:\/\/secure.gravatar.com\/avatar\/454f0a68d11eb9d5a93d5997993ce7e6fcd8dd78d2b0306cf85e10834c8ec09a?s=96&d=mm&r=g\",\"caption\":\"PauloMandu\"},\"url\":\"https:\/\/dualgree.com.br\/desmontear\/author\/paulomandu\/\"}]}<\/script>\n<!-- \/ Yoast SEO plugin. -->","yoast_head_json":{"title":"Caf\u00e9 torrado e escuro para Cafeteira Expresso - Desmontear","description":"Como obter um caf\u00e9 cremoso e escuro arom\u00e1tico com a cafeteira expresso, vai depender de como o gr\u00e3o foi torrado pelo fabricante.","robots":{"index":"index","follow":"follow","max-snippet":"max-snippet:-1","max-image-preview":"max-image-preview:large","max-video-preview":"max-video-preview:-1"},"canonical":"https:\/\/dualgree.com.br\/desmontear\/cafe-torrado-e-escuro-para-cafeteira-expresso\/","og_locale":"pt_BR","og_type":"article","og_title":"Caf\u00e9 torrado e escuro para Cafeteira Expresso - Desmontear","og_description":"Como obter um caf\u00e9 cremoso e escuro arom\u00e1tico com a cafeteira expresso, vai depender de como o gr\u00e3o foi torrado pelo fabricante.","og_url":"https:\/\/dualgree.com.br\/desmontear\/cafe-torrado-e-escuro-para-cafeteira-expresso\/","og_site_name":"Desmontear","article_publisher":"https:\/\/www.facebook.com\/dualgree","article_published_time":"2021-05-12T01:23:58+00:00","article_modified_time":"2021-07-26T23:25:20+00:00","og_image":[{"width":1200,"height":579,"url":"https:\/\/dualgree.com.br\/desmontear\/wp-content\/uploads\/2021\/05\/Cafe-torrado-e-cremoso.jpg","type":"image\/jpeg"}],"author":"PauloMandu","twitter_card":"summary_large_image","twitter_misc":{"Escrito por":"PauloMandu","Est. tempo de leitura":"2 minutos"},"schema":{"@context":"https:\/\/schema.org","@graph":[{"@type":"Article","@id":"https:\/\/dualgree.com.br\/desmontear\/cafe-torrado-e-escuro-para-cafeteira-expresso\/#article","isPartOf":{"@id":"https:\/\/dualgree.com.br\/desmontear\/cafe-torrado-e-escuro-para-cafeteira-expresso\/"},"author":{"name":"PauloMandu","@id":"https:\/\/dualgree.com.br\/desmontear\/#\/schema\/person\/6f411e85dc628ba826187984f44e370e"},"headline":"Caf\u00e9 torrado e escuro para Cafeteira Expresso","datePublished":"2021-05-12T01:23:58+00:00","dateModified":"2021-07-26T23:25:20+00:00","mainEntityOfPage":{"@id":"https:\/\/dualgree.com.br\/desmontear\/cafe-torrado-e-escuro-para-cafeteira-expresso\/"},"wordCount":362,"commentCount":0,"publisher":{"@id":"https:\/\/dualgree.com.br\/desmontear\/#organization"},"image":{"@id":"https:\/\/dualgree.com.br\/desmontear\/cafe-torrado-e-escuro-para-cafeteira-expresso\/#primaryimage"},"thumbnailUrl":"https:\/\/dualgree.com.br\/desmontear\/wp-content\/uploads\/2021\/05\/Cafe-torrado-e-cremoso.jpg","keywords":["como fazer cafe","como fazer caf\u00e9 escuro e cremoso","gr\u00e3o de cafe ideal","qual cafe usar em minha cafeterira expresso","qual cafe utilizar na cafeteira"],"articleSection":["Cafeteiras"],"inLanguage":"pt-BR","potentialAction":[{"@type":"CommentAction","name":"Comment","target":["https:\/\/dualgree.com.br\/desmontear\/cafe-torrado-e-escuro-para-cafeteira-expresso\/#respond"]}]},{"@type":"WebPage","@id":"https:\/\/dualgree.com.br\/desmontear\/cafe-torrado-e-escuro-para-cafeteira-expresso\/","url":"https:\/\/dualgree.com.br\/desmontear\/cafe-torrado-e-escuro-para-cafeteira-expresso\/","name":"Caf\u00e9 torrado e escuro para Cafeteira Expresso - Desmontear","isPartOf":{"@id":"https:\/\/dualgree.com.br\/desmontear\/#website"},"primaryImageOfPage":{"@id":"https:\/\/dualgree.com.br\/desmontear\/cafe-torrado-e-escuro-para-cafeteira-expresso\/#primaryimage"},"image":{"@id":"https:\/\/dualgree.com.br\/desmontear\/cafe-torrado-e-escuro-para-cafeteira-expresso\/#primaryimage"},"thumbnailUrl":"https:\/\/dualgree.com.br\/desmontear\/wp-content\/uploads\/2021\/05\/Cafe-torrado-e-cremoso.jpg","datePublished":"2021-05-12T01:23:58+00:00","dateModified":"2021-07-26T23:25:20+00:00","description":"Como obter um caf\u00e9 cremoso e escuro arom\u00e1tico com a cafeteira expresso, vai depender de como o gr\u00e3o foi torrado pelo fabricante.","breadcrumb":{"@id":"https:\/\/dualgree.com.br\/desmontear\/cafe-torrado-e-escuro-para-cafeteira-expresso\/#breadcrumb"},"inLanguage":"pt-BR","potentialAction":[{"@type":"ReadAction","target":["https:\/\/dualgree.com.br\/desmontear\/cafe-torrado-e-escuro-para-cafeteira-expresso\/"]}]},{"@type":"ImageObject","inLanguage":"pt-BR","@id":"https:\/\/dualgree.com.br\/desmontear\/cafe-torrado-e-escuro-para-cafeteira-expresso\/#primaryimage","url":"https:\/\/dualgree.com.br\/desmontear\/wp-content\/uploads\/2021\/05\/Cafe-torrado-e-cremoso.jpg","contentUrl":"https:\/\/dualgree.com.br\/desmontear\/wp-content\/uploads\/2021\/05\/Cafe-torrado-e-cremoso.jpg","width":1200,"height":579,"caption":"Cafe torrado e cremoso"},{"@type":"BreadcrumbList","@id":"https:\/\/dualgree.com.br\/desmontear\/cafe-torrado-e-escuro-para-cafeteira-expresso\/#breadcrumb","itemListElement":[{"@type":"ListItem","position":1,"name":"In\u00edcio","item":"https:\/\/dualgree.com.br\/desmontear\/"},{"@type":"ListItem","position":2,"name":"Caf\u00e9 torrado e escuro para Cafeteira Expresso"}]},{"@type":"WebSite","@id":"https:\/\/dualgree.com.br\/desmontear\/#website","url":"https:\/\/dualgree.com.br\/desmontear\/","name":"Desmontear","description":"Site de informa\u00e7\u00f5es uteis de equipamentos e dicas para seu dia a dia.","publisher":{"@id":"https:\/\/dualgree.com.br\/desmontear\/#organization"},"potentialAction":[{"@type":"SearchAction","target":{"@type":"EntryPoint","urlTemplate":"https:\/\/dualgree.com.br\/desmontear\/?s={search_term_string}"},"query-input":{"@type":"PropertyValueSpecification","valueRequired":true,"valueName":"search_term_string"}}],"inLanguage":"pt-BR"},{"@type":"Organization","@id":"https:\/\/dualgree.com.br\/desmontear\/#organization","name":"Desmontear -Ar condicionado","url":"https:\/\/dualgree.com.br\/desmontear\/","logo":{"@type":"ImageObject","inLanguage":"pt-BR","@id":"https:\/\/dualgree.com.br\/desmontear\/#\/schema\/logo\/image\/","url":"https:\/\/dualgree.com.br\/desmontear\/wp-content\/uploads\/2023\/11\/LOGO-FERRAMENTAS.png","contentUrl":"https:\/\/dualgree.com.br\/desmontear\/wp-content\/uploads\/2023\/11\/LOGO-FERRAMENTAS.png","width":1200,"height":219,"caption":"Desmontear -Ar condicionado"},"image":{"@id":"https:\/\/dualgree.com.br\/desmontear\/#\/schema\/logo\/image\/"},"sameAs":["https:\/\/www.facebook.com\/dualgree","https:\/\/www.youtube.com\/channel\/UCNcRu4pSegDB6ZMcZomgA_g"]},{"@type":"Person","@id":"https:\/\/dualgree.com.br\/desmontear\/#\/schema\/person\/6f411e85dc628ba826187984f44e370e","name":"PauloMandu","image":{"@type":"ImageObject","inLanguage":"pt-BR","@id":"https:\/\/secure.gravatar.com\/avatar\/454f0a68d11eb9d5a93d5997993ce7e6fcd8dd78d2b0306cf85e10834c8ec09a?s=96&d=mm&r=g","url":"https:\/\/secure.gravatar.com\/avatar\/454f0a68d11eb9d5a93d5997993ce7e6fcd8dd78d2b0306cf85e10834c8ec09a?s=96&d=mm&r=g","contentUrl":"https:\/\/secure.gravatar.com\/avatar\/454f0a68d11eb9d5a93d5997993ce7e6fcd8dd78d2b0306cf85e10834c8ec09a?s=96&d=mm&r=g","caption":"PauloMandu"},"url":"https:\/\/dualgree.com.br\/desmontear\/author\/paulomandu\/"}]}},"_links":{"self":[{"href":"https:\/\/dualgree.com.br\/desmontear\/wp-json\/wp\/v2\/posts\/123","targetHints":{"allow":["GET"]}}],"collection":[{"href":"https:\/\/dualgree.com.br\/desmontear\/wp-json\/wp\/v2\/posts"}],"about":[{"href":"https:\/\/dualgree.com.br\/desmontear\/wp-json\/wp\/v2\/types\/post"}],"author":[{"embeddable":true,"href":"https:\/\/dualgree.com.br\/desmontear\/wp-json\/wp\/v2\/users\/2"}],"replies":[{"embeddable":true,"href":"https:\/\/dualgree.com.br\/desmontear\/wp-json\/wp\/v2\/comments?post=123"}],"version-history":[{"count":7,"href":"https:\/\/dualgree.com.br\/desmontear\/wp-json\/wp\/v2\/posts\/123\/revisions"}],"predecessor-version":[{"id":340,"href":"https:\/\/dualgree.com.br\/desmontear\/wp-json\/wp\/v2\/posts\/123\/revisions\/340"}],"wp:featuredmedia":[{"embeddable":true,"href":"https:\/\/dualgree.com.br\/desmontear\/wp-json\/wp\/v2\/media\/339"}],"wp:attachment":[{"href":"https:\/\/dualgree.com.br\/desmontear\/wp-json\/wp\/v2\/media?parent=123"}],"wp:term":[{"taxonomy":"category","embeddable":true,"href":"https:\/\/dualgree.com.br\/desmontear\/wp-json\/wp\/v2\/categories?post=123"},{"taxonomy":"post_tag","embeddable":true,"href":"https:\/\/dualgree.com.br\/desmontear\/wp-json\/wp\/v2\/tags?post=123"}],"curies":[{"name":"wp","href":"https:\/\/api.w.org\/{rel}","templated":true}]}}