{"id":485,"date":"2023-11-09T21:18:39","date_gmt":"2023-11-09T21:18:39","guid":{"rendered":"https:\/\/dualgree.com.br\/desmontear\/?p=485"},"modified":"2023-11-09T21:18:40","modified_gmt":"2023-11-09T21:18:40","slug":"como-escolher-o-ar-condicionado-ideal-para-seu-ambiente","status":"publish","type":"post","link":"https:\/\/dualgree.com.br\/desmontear\/como-escolher-o-ar-condicionado-ideal-para-seu-ambiente\/","title":{"rendered":"Como Escolher o Ar-Condicionado Ideal para Seu Ambiente"},"content":{"rendered":"\n<h3 class=\"wp-block-heading\">&#8220;Como Escolher o Ar-Condicionado Ideal para Seu Ambiente utilizando nossa calculadora de btus&#8221;<\/h3>\n\n\n\n<p>Bem-vindo ao nosso guia completo sobre a escolha do ar-condicionado perfeito para tornar seus espa\u00e7os mais confort\u00e1veis e acolhedores. Utilizando nossa calculadora de btus. Em um cen\u00e1rio onde o clima nem sempre \u00e9 ameno, a sele\u00e7\u00e3o adequada do ar-condicionado desempenha um papel crucial n\u00e3o apenas no conforto, mas tamb\u00e9m na efici\u00eancia energ\u00e9tica de sua casa ou escrit\u00f3rio.<\/p>\n\n\n\n<p>J\u00e1 se perguntou por que alguns ambientes permanecem gelados, enquanto outros ainda parecem quentes, apesar do ar-condicionado estar ligado? A resposta muitas vezes reside na capacidade do aparelho em rela\u00e7\u00e3o ao tamanho do espa\u00e7o que ele est\u00e1 destinado a climatizar.<\/p>\n\n\n\n<p>Neste guia, n\u00e3o apenas exploraremos a import\u00e2ncia de escolher o ar-condicionado certo, mas tamb\u00e9m apresentaremos uma ferramenta pr\u00e1tica: a nossa Calculadora de BTUs. Descubra como calcular a pot\u00eancia adequada para garantir que seu ambiente fique fresco e agrad\u00e1vel, independentemente das condi\u00e7\u00f5es clim\u00e1ticas l\u00e1 fora.<\/p>\n\n\n\n<p>Vamos mergulhar juntos neste guia informativo e desmistificar o processo de escolha do ar-condicionado, proporcionando a voc\u00ea o conhecimento necess\u00e1rio para tomar decis\u00f5es informadas e garantir o conforto ideal em todos os cantos de sua vida.<\/p>\n\n\n\n<p>Ao adentrarmos o universo da climatiza\u00e7\u00e3o, deparamo-nos com um fator muitas vezes subestimado, mas que desempenha um papel vital na efic\u00e1cia do ar-condicionado: a \u00e1rea do ambiente a ser climatizado. Considerar cuidadosamente esse elemento \u00e9 a chave para garantir n\u00e3o apenas um respiro fresco, mas tamb\u00e9m efici\u00eancia energ\u00e9tica e desempenho otimizado do aparelho.<\/p>\n\n\n\n<p><strong>Por que a \u00c1rea do Ambiente Importa?<\/strong><\/p>\n\n\n\n<p>Imagine comprar um sapato que \u00e9 muito grande ou pequeno para os seus p\u00e9s. Assim como os sapatos, os aparelhos de ar-condicionado tamb\u00e9m precisam ser &#8220;do tamanho certo&#8221; para desempenhar sua fun\u00e7\u00e3o de maneira eficaz. Se a capacidade do ar-condicionado for subdimensionada em rela\u00e7\u00e3o \u00e0 \u00e1rea, ele pode lutar para resfriar o espa\u00e7o, resultando em desconforto t\u00e9rmico persistente.<\/p>\n\n\n\n<p><strong>Calculando a \u00c1rea: a Base da Escolha Inteligente<\/strong><\/p>\n\n\n\n<p>A \u00e1rea do ambiente, frequentemente expressa em metros quadrados (m\u00b2), \u00e9 o ponto de partida crucial ao selecionar um ar-condicionado. N\u00e3o se trata apenas de medir paredes; \u00e9 sobre entender o volume de ar que o aparelho precisar\u00e1 manipular para criar o ambiente perfeito.<\/p>\n\n\n\n<p><strong>A Calculadora de BTUs: Sua Aliada na Escolha Certa<\/strong><\/p>\n\n\n\n<p>\u00c9 aqui que entra a nossa Calculadora de BTUs. Ao inserir a largura e o comprimento do ambiente, a calculadora fornece a pot\u00eancia t\u00e9rmica necess\u00e1ria em BTUs, tornando o processo de escolha do ar-condicionado mais transparente e acess\u00edvel.<\/p>\n\n\n\n<p>Lembre-se, a escolha do ar-condicionado n\u00e3o \u00e9 apenas sobre conforto imediato, mas tamb\u00e9m sobre efici\u00eancia energ\u00e9tica a longo prazo. Ao compreender como a \u00e1rea do ambiente influencia essa escolha, voc\u00ea est\u00e1 no caminho certo para criar um espa\u00e7o climatizado que atenda n\u00e3o apenas \u00e0s suas expectativas, mas tamb\u00e9m ao tamanho exato de suas necessidades. Prepare-se para uma jornada rumo ao conforto ideal e \u00e0 efici\u00eancia energ\u00e9tica \u2013 tudo come\u00e7ando pela \u00e1rea que define o palco: o seu espa\u00e7o.<\/p>\n\n\n\n<p><strong>Cen\u00e1rio: Quarto<\/strong><\/p>\n\n\n\n<ul class=\"wp-block-list\">\n<li><strong>Dimens\u00f5es do Quarto:<\/strong>\n<ul class=\"wp-block-list\">\n<li>Largura: 4 metros<\/li>\n\n\n\n<li>Comprimento: 5 metros<\/li>\n<\/ul>\n<\/li>\n\n\n\n<li><strong>Outros Fatores:<\/strong>\n<ul class=\"wp-block-list\">\n<li>N\u00famero de Luzes: 2<\/li>\n\n\n\n<li>N\u00famero de Computadores: 1<\/li>\n\n\n\n<li>N\u00famero de Pessoas: 2<\/li>\n<\/ul>\n<\/li>\n<\/ul>\n\n\n\n<p><strong>Utilizando a Calculadora de btus: <\/strong><\/p>\n\n\n\n<ol class=\"wp-block-list\">\n<li><strong>Largura do Ambiente (m):<\/strong> 4<\/li>\n\n\n\n<li><strong>Comprimento do Ambiente (m):<\/strong> 5<\/li>\n\n\n\n<li><strong>N\u00famero de Luzes:<\/strong> 2<\/li>\n\n\n\n<li><strong>N\u00famero de Computadores:<\/strong> 1<\/li>\n\n\n\n<li><strong>N\u00famero de Pessoas:<\/strong> 2<\/li>\n\n\n\n<li>Clique em &#8220;Calcular BTUs&#8221;.<\/li>\n<\/ol>\n\n\n\n<p><strong>Resultado:<\/strong> O resultado da calculadora mostrar\u00e1 a capacidade necess\u00e1ria do ar-condicionado em BTUs para esse quarto espec\u00edfico, levando em considera\u00e7\u00e3o n\u00e3o apenas o tamanho do ambiente, mas tamb\u00e9m o calor gerado pelas luzes, computadores e ocupantes.<\/p>\n\n\n\n<p><strong>Interpreta\u00e7\u00e3o do Resultado:<\/strong> O resultado indicar\u00e1 quantos BTUs s\u00e3o necess\u00e1rios para resfriar adequadamente o quarto em quest\u00e3o, considerando todos os fatores. Isso proporciona uma estimativa mais precisa da capacidade do ar-condicionado necess\u00e1rio para garantir o conforto t\u00e9rmico.<\/p>\n\n\n\n<p>Este exemplo pr\u00e1tico demonstra como a calculadora pode ser aplicada a cen\u00e1rios espec\u00edficos, levando em considera\u00e7\u00e3o n\u00e3o apenas o tamanho do ambiente, mas tamb\u00e9m outros fatores que contribuem para o ganho de calor.<\/p>\n\n\n\n<div id=\"calculator\">\n    <label for=\"roomWidth\">Largura do Ambiente (m):<\/label>\n    <input type=\"number\" id=\"roomWidth\" placeholder=\"largura\">\n\n    <label for=\"roomLength\">Comprimento do Ambiente (m):<\/label>\n    <input type=\"number\" id=\"roomLength\" placeholder=\"Comprimento\">\n\n    <label for=\"lights\">N\u00famero de Luzes:<\/label>\n    <input type=\"number\" id=\"lights\" placeholder=\"luzes\">\n\n    <label for=\"computers\">N\u00famero de Computadores (opcional):<\/label>\n    <input type=\"number\" id=\"computers\" placeholder=\" computadores (opcional)\">\n\n    <label for=\"people\">N\u00famero de Pessoas:<\/label>\n    <input type=\"number\" id=\"people\" placeholder=\"pessoas\">\n\n    <button onclick=\"calculateBTU()\">Calcular BTUs<\/button>\n\n    <p id=\"result\">Resultado: <span id=\"btuResult\">0<\/span> BTUs<\/p>\n<\/div>\n\n<script>\n    function calculateBTU() {\n        var roomWidth = parseFloat(document.getElementById('roomWidth').value);\n        var roomLength = parseFloat(document.getElementById('roomLength').value);\n        var lights = parseInt(document.getElementById('lights').value);\n        var computers = document.getElementById('computers').value !== \"\" ? parseInt(document.getElementById('computers').value) : 0;\n        var people = parseInt(document.getElementById('people').value);\n\n        if (isNaN(roomWidth) || isNaN(roomLength) || isNaN(lights) || isNaN(people)) {\n            alert(\"Por favor, insira valores v\u00e1lidos.\");\n            return;\n        }\n\n        var roomSize = roomWidth * roomLength;\n        var btuResult = roomSize * 600 + (lights * 100) + (computers * 300) + (people * 600);\n        document.getElementById('btuResult').textContent = btuResult.toFixed(2);\n    }\n<\/script>\n<style>\n    #calculator {\n        max-width: 400px;\n        margin: 20px auto;\n        padding: 20px;\n        border: 1px solid #ccc;\n        border-radius: 5px;\n        text-align: center;\n    }\n\n    label, input, button {\n        display: block;\n        margin-bottom: 10px;\n        width: 100%;\n    }\n\n    button {\n        background-color: #4CAF50;\n        color: white;\n        padding: 0px;\n        border: none;\n        border-radius: 5px;\n        cursor: pointer;\n    }\n\n    p {\n        margin-top: 20px;\n        font-weight: bold;\n    }\n<\/style>\n\n\n\n<h2 class=\"wp-block-heading\">Dicas para Reduzir a carga termica em um ambiente!<\/h2>\n\n\n\n<p>Al\u00e9m de utilizar a nossa Calculadora de BTUs para determinar a capacidade necess\u00e1ria do seu ar-condicionado, considere as seguintes dicas para garantir que sua escolha seja n\u00e3o apenas precisa, mas tamb\u00e9m totalmente adaptada \u00e0s caracter\u00edsticas do seu espa\u00e7o:<\/p>\n\n\n\n<ol class=\"wp-block-list\">\n<li><strong>Orienta\u00e7\u00e3o Solar:<\/strong>\n<ul class=\"wp-block-list\">\n<li>Avalie a orienta\u00e7\u00e3o solar do seu ambiente. Ambientes expostos ao sol durante grande parte do dia podem exigir uma capacidade maior de resfriamento. Considere instalar cortinas ou persianas para reduzir o ganho t\u00e9rmico.<\/li>\n<\/ul>\n<\/li>\n\n\n\n<li><strong>Presen\u00e7a de Janelas:<\/strong>\n<ul class=\"wp-block-list\">\n<li>O n\u00famero e o tamanho das janelas t\u00eam um impacto significativo na temperatura interna. Janelas voltadas para o oeste, por exemplo, recebem mais luz solar direta. Considere instalar pel\u00edculas refletivas ou usar cortinas t\u00e9rmicas para minimizar o calor transferido.<\/li>\n<\/ul>\n<\/li>\n\n\n\n<li><strong>Isolamento T\u00e9rmico:<\/strong>\n<ul class=\"wp-block-list\">\n<li>Verifique se o isolamento t\u00e9rmico do seu espa\u00e7o est\u00e1 adequado. Uma boa veda\u00e7\u00e3o nas portas e janelas pode evitar a fuga de ar fresco, otimizando a efici\u00eancia do ar-condicionado.<\/li>\n<\/ul>\n<\/li>\n\n\n\n<li><strong>Uso de Dispositivos Eletr\u00f4nicos:<\/strong>\n<ul class=\"wp-block-list\">\n<li>A presen\u00e7a de dispositivos eletr\u00f4nicos, como TVs e computadores, contribui para o ganho t\u00e9rmico. Certifique-se de que esses equipamentos estejam distantes do termostato e, se poss\u00edvel, desligue-os quando n\u00e3o estiverem em uso.<\/li>\n<\/ul>\n<\/li>\n\n\n\n<li><strong>Manuten\u00e7\u00e3o Regular:<\/strong>\n<ul class=\"wp-block-list\">\n<li>Realize manuten\u00e7\u00f5es regulares no seu ar-condicionado para garantir seu funcionamento eficiente. Troque os filtros regularmente e agende inspe\u00e7\u00f5es peri\u00f3dicas para evitar problemas de desempenho.<\/li>\n<\/ul>\n<\/li>\n\n\n\n<li><strong>Zonas de Resfriamento:<\/strong>\n<ul class=\"wp-block-list\">\n<li>Considere dividir o espa\u00e7o em zonas de resfriamento, especialmente em ambientes grandes. Isso permite um controle mais preciso da temperatura em diferentes \u00e1reas, economizando energia.<\/li>\n<\/ul>\n<\/li>\n\n\n\n<li><strong>Efici\u00eancia Energ\u00e9tica:<\/strong>\n<ul class=\"wp-block-list\">\n<li>Opte por aparelhos com classifica\u00e7\u00e3o de efici\u00eancia energ\u00e9tica. Modelos mais eficientes consomem menos eletricidade, o que pode resultar em economias significativas a longo prazo.<\/li>\n<\/ul>\n<\/li>\n<\/ol>\n\n\n\n<p>Lembre-se, a escolha do ar-condicionado n\u00e3o se resume apenas \u00e0 sua capacidade em BTUs. Ao considerar esses fatores adicionais, voc\u00ea estar\u00e1 tomando medidas proativas para criar um ambiente fresco, eficiente e, acima de tudo, confort\u00e1vel.<\/p>\n\n\n\n<h2 class=\"wp-block-heading\">Recomenda\u00e7\u00e3o de produtos para ar condicionado<\/h2>\n\n\n\n<p>Ao Clicar na imagem sera direcionado para o site da loja Dual Gree Servi\u00e7os<\/p>\n\n\n\n<style>\n    .product-container {\n        display: flex;\n        flex-wrap: wrap;\n        justify-content: space-between;\n    }\n\n    .product {\n        width: calc(33.33% - 20px); \/* 3 produtos por linha, com margens *\/\n        margin-bottom: 20px;\n        box-sizing: border-box;\n        border: 1px solid #ddd;\n        padding: 10px;\n        text-align: center;\n    }\n\n    .product img {\n        max-width: 100%;\n        height: auto;\n        margin-bottom: 10px;\n    }\n<\/style>\n\n<div class=\"product-container\">\n    <div class=\"product\">\n        <img decoding=\"async\" src=\"https:\/\/dualgree.com.br\/loja\/wp-content\/uploads\/2023\/10\/15111246321_DG4132XDG192.jpg\" alt=\"Tubo flexivel ar condicionado pinguino\">\n        <h3>Tubo flexivel ar condicionado pinguino<\/h3>\n        <p>Pac An120, Issimo, Nano.<\/p>\n        <a href=\"https:\/\/dualgree.com.br\/loja\/produto\/duto-conectores-ar-condicionado-portatil-pinguino-an120\/\" target=\"_blank\" rel=\"noopener\">Saiba mais<\/a>\n    <\/div>\n\n    <div class=\"product\">\n        <img decoding=\"async\" src=\"https:\/\/dualgree.com.br\/loja\/wp-content\/uploads\/2023\/11\/15229831670_2255-Placa20display20ar20condicionado20electrolux-20pi09F-pi07f-di09f.jpg\" alt=\"Placa Display Electrolux \">\n        <h3>Placa Display Electrolux Di09F<\/h3>\n        <p>Placa Display Evaporadora Ar Condicionado Electrolux Di09F.<\/p>\n        <a href=\"https:\/\/dualgree.com.br\/loja\/produto\/placa-display-evaporadora-ar-condicionado-electrolux-di09f-pi09f-pi07f-pi12f\/\" target=\"_blank\" rel=\"noopener\">Saiba mais<\/a>\n    <\/div>\n<div class=\"product\">\n        <img decoding=\"async\" src=\"https:\/\/dualgree.com.br\/loja\/wp-content\/uploads\/2023\/11\/15225143303_766-PLACA20FUJITSU20-PhotoRoom.png-PhotoRoom.png\" alt=\"Placa Display Fujitsu serie G \">\n        <h3>Placa Display Fujitsu serie G<\/h3>\n        <p>Placa Display Evaporadora Ar Condicionado Fujitsu serie G.<\/p>\n        <a href=\"https:\/\/dualgree.com.br\/loja\/produto\/placa-receptora-ar-condicionado-fujitsu-serie-g\/\" target=\"_blank\" rel=\"noopener\">Saiba mais<\/a>\n    <\/div>\n    <!-- Adicione mais divs .product conforme necess\u00e1rio para mais produtos -->\n<\/div>\n\n\n\n<blockquote class=\"wp-block-quote is-layout-flow wp-block-quote-is-layout-flow\">\n<p>Precisa de pe\u00e7as de reposi\u00e7\u00e3o para seu ar condicionado entre em contato com a empresa <a href=\"https:\/\/dualgree.com.br\/loja\/\">Dual Gree Servi\u00e7os<\/a><\/p>\n<cite><a href=\"https:\/\/dualgree.com.br\/loja\/\">https:\/\/dualgree.com.br\/loja\/<\/a><\/cite><\/blockquote>\n","protected":false},"excerpt":{"rendered":"<p>&#8220;Como Escolher o Ar-Condicionado Ideal para Seu Ambiente utilizando nossa calculadora de btus&#8221; Bem-vindo ao nosso guia completo sobre a<\/p>\n","protected":false},"author":1,"featured_media":515,"comment_status":"open","ping_status":"open","sticky":false,"template":"","format":"standard","meta":{"colormag_page_container_layout":"default_layout","colormag_page_sidebar_layout":"default_layout","footnotes":""},"categories":[3,5,6],"tags":[],"class_list":["post-485","post","type-post","status-publish","format-standard","has-post-thumbnail","hentry","category-ar-condicionado","category-ar-portatil","category-ar-split"],"yoast_head":"<!-- This site is optimized with the Yoast SEO plugin v27.2 - https:\/\/yoast.com\/product\/yoast-seo-wordpress\/ -->\n<title>Como Escolher o Ar-Condicionado Ideal para Seu Ambiente - Desmontear<\/title>\n<meta name=\"description\" content=\"Veja como \u00e9 facil calcular um ar condiciondo para seu ambiente e instalar um equipamento correto, vejas as dicas calculadora de btus\" \/>\n<meta name=\"robots\" content=\"index, follow, max-snippet:-1, max-image-preview:large, max-video-preview:-1\" \/>\n<link rel=\"canonical\" href=\"https:\/\/dualgree.com.br\/desmontear\/como-escolher-o-ar-condicionado-ideal-para-seu-ambiente\/\" \/>\n<meta property=\"og:locale\" content=\"pt_BR\" \/>\n<meta property=\"og:type\" content=\"article\" \/>\n<meta property=\"og:title\" content=\"Como Escolher o Ar-Condicionado Ideal para Seu Ambiente - Desmontear\" \/>\n<meta property=\"og:description\" content=\"Veja como \u00e9 facil calcular um ar condiciondo para seu ambiente e instalar um equipamento correto, vejas as dicas calculadora de btus\" \/>\n<meta property=\"og:url\" content=\"https:\/\/dualgree.com.br\/desmontear\/como-escolher-o-ar-condicionado-ideal-para-seu-ambiente\/\" \/>\n<meta property=\"og:site_name\" content=\"Desmontear\" \/>\n<meta property=\"article:publisher\" content=\"https:\/\/www.facebook.com\/dualgree\" \/>\n<meta property=\"article:published_time\" content=\"2023-11-09T21:18:39+00:00\" \/>\n<meta property=\"article:modified_time\" content=\"2023-11-09T21:18:40+00:00\" \/>\n<meta property=\"og:image\" content=\"https:\/\/dualgree.com.br\/desmontear\/wp-content\/uploads\/2023\/11\/salar-de-estar-calcluadora.jpg\" \/>\n\t<meta property=\"og:image:width\" content=\"1200\" \/>\n\t<meta property=\"og:image:height\" content=\"655\" \/>\n\t<meta property=\"og:image:type\" content=\"image\/jpeg\" \/>\n<meta name=\"author\" content=\"Paulodofe\" \/>\n<meta name=\"twitter:card\" content=\"summary_large_image\" \/>\n<meta name=\"twitter:label1\" content=\"Escrito por\" \/>\n\t<meta name=\"twitter:data1\" content=\"Paulodofe\" \/>\n\t<meta name=\"twitter:label2\" content=\"Est. tempo de leitura\" \/>\n\t<meta name=\"twitter:data2\" content=\"7 minutos\" \/>\n<script type=\"application\/ld+json\" class=\"yoast-schema-graph\">{\"@context\":\"https:\/\/schema.org\",\"@graph\":[{\"@type\":\"Article\",\"@id\":\"https:\/\/dualgree.com.br\/desmontear\/como-escolher-o-ar-condicionado-ideal-para-seu-ambiente\/#article\",\"isPartOf\":{\"@id\":\"https:\/\/dualgree.com.br\/desmontear\/como-escolher-o-ar-condicionado-ideal-para-seu-ambiente\/\"},\"author\":{\"name\":\"Paulodofe\",\"@id\":\"https:\/\/dualgree.com.br\/desmontear\/#\/schema\/person\/dae5c0fc22b37ae762dccf4777f2f3a0\"},\"headline\":\"Como Escolher o Ar-Condicionado Ideal para Seu Ambiente\",\"datePublished\":\"2023-11-09T21:18:39+00:00\",\"dateModified\":\"2023-11-09T21:18:40+00:00\",\"mainEntityOfPage\":{\"@id\":\"https:\/\/dualgree.com.br\/desmontear\/como-escolher-o-ar-condicionado-ideal-para-seu-ambiente\/\"},\"wordCount\":1165,\"commentCount\":0,\"publisher\":{\"@id\":\"https:\/\/dualgree.com.br\/desmontear\/#organization\"},\"image\":{\"@id\":\"https:\/\/dualgree.com.br\/desmontear\/como-escolher-o-ar-condicionado-ideal-para-seu-ambiente\/#primaryimage\"},\"thumbnailUrl\":\"https:\/\/dualgree.com.br\/desmontear\/wp-content\/uploads\/2023\/11\/salar-de-estar-calcluadora.jpg\",\"articleSection\":[\"Ar Condicionado\",\"Ar Port\u00e1til\",\"Ar Splits\"],\"inLanguage\":\"pt-BR\",\"potentialAction\":[{\"@type\":\"CommentAction\",\"name\":\"Comment\",\"target\":[\"https:\/\/dualgree.com.br\/desmontear\/como-escolher-o-ar-condicionado-ideal-para-seu-ambiente\/#respond\"]}]},{\"@type\":\"WebPage\",\"@id\":\"https:\/\/dualgree.com.br\/desmontear\/como-escolher-o-ar-condicionado-ideal-para-seu-ambiente\/\",\"url\":\"https:\/\/dualgree.com.br\/desmontear\/como-escolher-o-ar-condicionado-ideal-para-seu-ambiente\/\",\"name\":\"Como Escolher o Ar-Condicionado Ideal para Seu Ambiente - Desmontear\",\"isPartOf\":{\"@id\":\"https:\/\/dualgree.com.br\/desmontear\/#website\"},\"primaryImageOfPage\":{\"@id\":\"https:\/\/dualgree.com.br\/desmontear\/como-escolher-o-ar-condicionado-ideal-para-seu-ambiente\/#primaryimage\"},\"image\":{\"@id\":\"https:\/\/dualgree.com.br\/desmontear\/como-escolher-o-ar-condicionado-ideal-para-seu-ambiente\/#primaryimage\"},\"thumbnailUrl\":\"https:\/\/dualgree.com.br\/desmontear\/wp-content\/uploads\/2023\/11\/salar-de-estar-calcluadora.jpg\",\"datePublished\":\"2023-11-09T21:18:39+00:00\",\"dateModified\":\"2023-11-09T21:18:40+00:00\",\"description\":\"Veja como \u00e9 facil calcular um ar condiciondo para seu ambiente e instalar um equipamento correto, vejas as dicas calculadora de btus\",\"breadcrumb\":{\"@id\":\"https:\/\/dualgree.com.br\/desmontear\/como-escolher-o-ar-condicionado-ideal-para-seu-ambiente\/#breadcrumb\"},\"inLanguage\":\"pt-BR\",\"potentialAction\":[{\"@type\":\"ReadAction\",\"target\":[\"https:\/\/dualgree.com.br\/desmontear\/como-escolher-o-ar-condicionado-ideal-para-seu-ambiente\/\"]}]},{\"@type\":\"ImageObject\",\"inLanguage\":\"pt-BR\",\"@id\":\"https:\/\/dualgree.com.br\/desmontear\/como-escolher-o-ar-condicionado-ideal-para-seu-ambiente\/#primaryimage\",\"url\":\"https:\/\/dualgree.com.br\/desmontear\/wp-content\/uploads\/2023\/11\/salar-de-estar-calcluadora.jpg\",\"contentUrl\":\"https:\/\/dualgree.com.br\/desmontear\/wp-content\/uploads\/2023\/11\/salar-de-estar-calcluadora.jpg\",\"width\":1200,\"height\":655,\"caption\":\"Calculo de btus para ar condicionado\"},{\"@type\":\"BreadcrumbList\",\"@id\":\"https:\/\/dualgree.com.br\/desmontear\/como-escolher-o-ar-condicionado-ideal-para-seu-ambiente\/#breadcrumb\",\"itemListElement\":[{\"@type\":\"ListItem\",\"position\":1,\"name\":\"In\u00edcio\",\"item\":\"https:\/\/dualgree.com.br\/desmontear\/\"},{\"@type\":\"ListItem\",\"position\":2,\"name\":\"Como Escolher o Ar-Condicionado Ideal para Seu Ambiente\"}]},{\"@type\":\"WebSite\",\"@id\":\"https:\/\/dualgree.com.br\/desmontear\/#website\",\"url\":\"https:\/\/dualgree.com.br\/desmontear\/\",\"name\":\"Desmontear\",\"description\":\"Site de informa\u00e7\u00f5es uteis de equipamentos e dicas para seu dia a dia.\",\"publisher\":{\"@id\":\"https:\/\/dualgree.com.br\/desmontear\/#organization\"},\"potentialAction\":[{\"@type\":\"SearchAction\",\"target\":{\"@type\":\"EntryPoint\",\"urlTemplate\":\"https:\/\/dualgree.com.br\/desmontear\/?s={search_term_string}\"},\"query-input\":{\"@type\":\"PropertyValueSpecification\",\"valueRequired\":true,\"valueName\":\"search_term_string\"}}],\"inLanguage\":\"pt-BR\"},{\"@type\":\"Organization\",\"@id\":\"https:\/\/dualgree.com.br\/desmontear\/#organization\",\"name\":\"Desmontear -Ar condicionado\",\"url\":\"https:\/\/dualgree.com.br\/desmontear\/\",\"logo\":{\"@type\":\"ImageObject\",\"inLanguage\":\"pt-BR\",\"@id\":\"https:\/\/dualgree.com.br\/desmontear\/#\/schema\/logo\/image\/\",\"url\":\"https:\/\/dualgree.com.br\/desmontear\/wp-content\/uploads\/2023\/11\/LOGO-FERRAMENTAS.png\",\"contentUrl\":\"https:\/\/dualgree.com.br\/desmontear\/wp-content\/uploads\/2023\/11\/LOGO-FERRAMENTAS.png\",\"width\":1200,\"height\":219,\"caption\":\"Desmontear -Ar condicionado\"},\"image\":{\"@id\":\"https:\/\/dualgree.com.br\/desmontear\/#\/schema\/logo\/image\/\"},\"sameAs\":[\"https:\/\/www.facebook.com\/dualgree\",\"https:\/\/www.youtube.com\/channel\/UCNcRu4pSegDB6ZMcZomgA_g\"]},{\"@type\":\"Person\",\"@id\":\"https:\/\/dualgree.com.br\/desmontear\/#\/schema\/person\/dae5c0fc22b37ae762dccf4777f2f3a0\",\"name\":\"Paulodofe\",\"image\":{\"@type\":\"ImageObject\",\"inLanguage\":\"pt-BR\",\"@id\":\"https:\/\/secure.gravatar.com\/avatar\/2539a26dd4a89b84479ea91417783132a263cbb7779a199836282519c6c242d6?s=96&d=mm&r=g\",\"url\":\"https:\/\/secure.gravatar.com\/avatar\/2539a26dd4a89b84479ea91417783132a263cbb7779a199836282519c6c242d6?s=96&d=mm&r=g\",\"contentUrl\":\"https:\/\/secure.gravatar.com\/avatar\/2539a26dd4a89b84479ea91417783132a263cbb7779a199836282519c6c242d6?s=96&d=mm&r=g\",\"caption\":\"Paulodofe\"},\"sameAs\":[\"https:\/\/dualgree.com.br\/desmontear\"],\"url\":\"https:\/\/dualgree.com.br\/desmontear\/author\/paulodofe\/\"}]}<\/script>\n<!-- \/ Yoast SEO plugin. -->","yoast_head_json":{"title":"Como Escolher o Ar-Condicionado Ideal para Seu Ambiente - Desmontear","description":"Veja como \u00e9 facil calcular um ar condiciondo para seu ambiente e instalar um equipamento correto, vejas as dicas calculadora de btus","robots":{"index":"index","follow":"follow","max-snippet":"max-snippet:-1","max-image-preview":"max-image-preview:large","max-video-preview":"max-video-preview:-1"},"canonical":"https:\/\/dualgree.com.br\/desmontear\/como-escolher-o-ar-condicionado-ideal-para-seu-ambiente\/","og_locale":"pt_BR","og_type":"article","og_title":"Como Escolher o Ar-Condicionado Ideal para Seu Ambiente - Desmontear","og_description":"Veja como \u00e9 facil calcular um ar condiciondo para seu ambiente e instalar um equipamento correto, vejas as dicas calculadora de btus","og_url":"https:\/\/dualgree.com.br\/desmontear\/como-escolher-o-ar-condicionado-ideal-para-seu-ambiente\/","og_site_name":"Desmontear","article_publisher":"https:\/\/www.facebook.com\/dualgree","article_published_time":"2023-11-09T21:18:39+00:00","article_modified_time":"2023-11-09T21:18:40+00:00","og_image":[{"width":1200,"height":655,"url":"https:\/\/dualgree.com.br\/desmontear\/wp-content\/uploads\/2023\/11\/salar-de-estar-calcluadora.jpg","type":"image\/jpeg"}],"author":"Paulodofe","twitter_card":"summary_large_image","twitter_misc":{"Escrito por":"Paulodofe","Est. tempo de leitura":"7 minutos"},"schema":{"@context":"https:\/\/schema.org","@graph":[{"@type":"Article","@id":"https:\/\/dualgree.com.br\/desmontear\/como-escolher-o-ar-condicionado-ideal-para-seu-ambiente\/#article","isPartOf":{"@id":"https:\/\/dualgree.com.br\/desmontear\/como-escolher-o-ar-condicionado-ideal-para-seu-ambiente\/"},"author":{"name":"Paulodofe","@id":"https:\/\/dualgree.com.br\/desmontear\/#\/schema\/person\/dae5c0fc22b37ae762dccf4777f2f3a0"},"headline":"Como Escolher o Ar-Condicionado Ideal para Seu Ambiente","datePublished":"2023-11-09T21:18:39+00:00","dateModified":"2023-11-09T21:18:40+00:00","mainEntityOfPage":{"@id":"https:\/\/dualgree.com.br\/desmontear\/como-escolher-o-ar-condicionado-ideal-para-seu-ambiente\/"},"wordCount":1165,"commentCount":0,"publisher":{"@id":"https:\/\/dualgree.com.br\/desmontear\/#organization"},"image":{"@id":"https:\/\/dualgree.com.br\/desmontear\/como-escolher-o-ar-condicionado-ideal-para-seu-ambiente\/#primaryimage"},"thumbnailUrl":"https:\/\/dualgree.com.br\/desmontear\/wp-content\/uploads\/2023\/11\/salar-de-estar-calcluadora.jpg","articleSection":["Ar Condicionado","Ar Port\u00e1til","Ar Splits"],"inLanguage":"pt-BR","potentialAction":[{"@type":"CommentAction","name":"Comment","target":["https:\/\/dualgree.com.br\/desmontear\/como-escolher-o-ar-condicionado-ideal-para-seu-ambiente\/#respond"]}]},{"@type":"WebPage","@id":"https:\/\/dualgree.com.br\/desmontear\/como-escolher-o-ar-condicionado-ideal-para-seu-ambiente\/","url":"https:\/\/dualgree.com.br\/desmontear\/como-escolher-o-ar-condicionado-ideal-para-seu-ambiente\/","name":"Como Escolher o Ar-Condicionado Ideal para Seu Ambiente - Desmontear","isPartOf":{"@id":"https:\/\/dualgree.com.br\/desmontear\/#website"},"primaryImageOfPage":{"@id":"https:\/\/dualgree.com.br\/desmontear\/como-escolher-o-ar-condicionado-ideal-para-seu-ambiente\/#primaryimage"},"image":{"@id":"https:\/\/dualgree.com.br\/desmontear\/como-escolher-o-ar-condicionado-ideal-para-seu-ambiente\/#primaryimage"},"thumbnailUrl":"https:\/\/dualgree.com.br\/desmontear\/wp-content\/uploads\/2023\/11\/salar-de-estar-calcluadora.jpg","datePublished":"2023-11-09T21:18:39+00:00","dateModified":"2023-11-09T21:18:40+00:00","description":"Veja como \u00e9 facil calcular um ar condiciondo para seu ambiente e instalar um equipamento correto, vejas as dicas calculadora de btus","breadcrumb":{"@id":"https:\/\/dualgree.com.br\/desmontear\/como-escolher-o-ar-condicionado-ideal-para-seu-ambiente\/#breadcrumb"},"inLanguage":"pt-BR","potentialAction":[{"@type":"ReadAction","target":["https:\/\/dualgree.com.br\/desmontear\/como-escolher-o-ar-condicionado-ideal-para-seu-ambiente\/"]}]},{"@type":"ImageObject","inLanguage":"pt-BR","@id":"https:\/\/dualgree.com.br\/desmontear\/como-escolher-o-ar-condicionado-ideal-para-seu-ambiente\/#primaryimage","url":"https:\/\/dualgree.com.br\/desmontear\/wp-content\/uploads\/2023\/11\/salar-de-estar-calcluadora.jpg","contentUrl":"https:\/\/dualgree.com.br\/desmontear\/wp-content\/uploads\/2023\/11\/salar-de-estar-calcluadora.jpg","width":1200,"height":655,"caption":"Calculo de btus para ar condicionado"},{"@type":"BreadcrumbList","@id":"https:\/\/dualgree.com.br\/desmontear\/como-escolher-o-ar-condicionado-ideal-para-seu-ambiente\/#breadcrumb","itemListElement":[{"@type":"ListItem","position":1,"name":"In\u00edcio","item":"https:\/\/dualgree.com.br\/desmontear\/"},{"@type":"ListItem","position":2,"name":"Como Escolher o Ar-Condicionado Ideal para Seu Ambiente"}]},{"@type":"WebSite","@id":"https:\/\/dualgree.com.br\/desmontear\/#website","url":"https:\/\/dualgree.com.br\/desmontear\/","name":"Desmontear","description":"Site de informa\u00e7\u00f5es uteis de equipamentos e dicas para seu dia a dia.","publisher":{"@id":"https:\/\/dualgree.com.br\/desmontear\/#organization"},"potentialAction":[{"@type":"SearchAction","target":{"@type":"EntryPoint","urlTemplate":"https:\/\/dualgree.com.br\/desmontear\/?s={search_term_string}"},"query-input":{"@type":"PropertyValueSpecification","valueRequired":true,"valueName":"search_term_string"}}],"inLanguage":"pt-BR"},{"@type":"Organization","@id":"https:\/\/dualgree.com.br\/desmontear\/#organization","name":"Desmontear -Ar condicionado","url":"https:\/\/dualgree.com.br\/desmontear\/","logo":{"@type":"ImageObject","inLanguage":"pt-BR","@id":"https:\/\/dualgree.com.br\/desmontear\/#\/schema\/logo\/image\/","url":"https:\/\/dualgree.com.br\/desmontear\/wp-content\/uploads\/2023\/11\/LOGO-FERRAMENTAS.png","contentUrl":"https:\/\/dualgree.com.br\/desmontear\/wp-content\/uploads\/2023\/11\/LOGO-FERRAMENTAS.png","width":1200,"height":219,"caption":"Desmontear -Ar condicionado"},"image":{"@id":"https:\/\/dualgree.com.br\/desmontear\/#\/schema\/logo\/image\/"},"sameAs":["https:\/\/www.facebook.com\/dualgree","https:\/\/www.youtube.com\/channel\/UCNcRu4pSegDB6ZMcZomgA_g"]},{"@type":"Person","@id":"https:\/\/dualgree.com.br\/desmontear\/#\/schema\/person\/dae5c0fc22b37ae762dccf4777f2f3a0","name":"Paulodofe","image":{"@type":"ImageObject","inLanguage":"pt-BR","@id":"https:\/\/secure.gravatar.com\/avatar\/2539a26dd4a89b84479ea91417783132a263cbb7779a199836282519c6c242d6?s=96&d=mm&r=g","url":"https:\/\/secure.gravatar.com\/avatar\/2539a26dd4a89b84479ea91417783132a263cbb7779a199836282519c6c242d6?s=96&d=mm&r=g","contentUrl":"https:\/\/secure.gravatar.com\/avatar\/2539a26dd4a89b84479ea91417783132a263cbb7779a199836282519c6c242d6?s=96&d=mm&r=g","caption":"Paulodofe"},"sameAs":["https:\/\/dualgree.com.br\/desmontear"],"url":"https:\/\/dualgree.com.br\/desmontear\/author\/paulodofe\/"}]}},"_links":{"self":[{"href":"https:\/\/dualgree.com.br\/desmontear\/wp-json\/wp\/v2\/posts\/485","targetHints":{"allow":["GET"]}}],"collection":[{"href":"https:\/\/dualgree.com.br\/desmontear\/wp-json\/wp\/v2\/posts"}],"about":[{"href":"https:\/\/dualgree.com.br\/desmontear\/wp-json\/wp\/v2\/types\/post"}],"author":[{"embeddable":true,"href":"https:\/\/dualgree.com.br\/desmontear\/wp-json\/wp\/v2\/users\/1"}],"replies":[{"embeddable":true,"href":"https:\/\/dualgree.com.br\/desmontear\/wp-json\/wp\/v2\/comments?post=485"}],"version-history":[{"count":48,"href":"https:\/\/dualgree.com.br\/desmontear\/wp-json\/wp\/v2\/posts\/485\/revisions"}],"predecessor-version":[{"id":534,"href":"https:\/\/dualgree.com.br\/desmontear\/wp-json\/wp\/v2\/posts\/485\/revisions\/534"}],"wp:featuredmedia":[{"embeddable":true,"href":"https:\/\/dualgree.com.br\/desmontear\/wp-json\/wp\/v2\/media\/515"}],"wp:attachment":[{"href":"https:\/\/dualgree.com.br\/desmontear\/wp-json\/wp\/v2\/media?parent=485"}],"wp:term":[{"taxonomy":"category","embeddable":true,"href":"https:\/\/dualgree.com.br\/desmontear\/wp-json\/wp\/v2\/categories?post=485"},{"taxonomy":"post_tag","embeddable":true,"href":"https:\/\/dualgree.com.br\/desmontear\/wp-json\/wp\/v2\/tags?post=485"}],"curies":[{"name":"wp","href":"https:\/\/api.w.org\/{rel}","templated":true}]}}